{"id":14485,"date":"2017-02-22T09:45:13","date_gmt":"2017-02-22T09:45:13","guid":{"rendered":"https:\/\/gruptravi.com\/2017\/02\/22\/can-travi-nou-xalet-reciben-sello-insigna\/"},"modified":"2022-02-11T23:34:50","modified_gmt":"2022-02-11T23:34:50","slug":"can-travi-nou-i-el-xalet-reben-el-segell-insigna","status":"publish","type":"post","link":"https:\/\/gruptravi.com\/ca\/can-travi-nou-i-el-xalet-reben-el-segell-insigna\/","title":{"rendered":"Can Travi Nou i El Xalet reben el segell insigna"},"content":{"rendered":"<div class=\"limit-wrapper\"><div class=\"row \"><div class=\"vamtam-grid grid-1-1  vamtam-first-level grid-1-1  first unextended no-extended-padding\" style=\"padding-top:0.05px;padding-bottom:0.05px;\" id=\"vamtam-column-ed92ac5862cc88dc8a23d5a55934644b\" ><p>L&#8217;hostaleria de Barcelona va presentar ahir el seu nou segell de qualitat. <strong>Insigna<\/strong> \u00e9s una iniciativa de l&#8217;Gremi de Restauraci\u00f3 de Barcelona que neix amb l&#8217;objectiu de recon\u00e8ixer l&#8217;excel\u00b7l\u00e8ncia assolida pels restaurants de Barcelona.<\/p>\n<p><!--more--><\/p>\n<p>Durant l&#8217;acte, es van lliurar els premis als 50 primers restaurants insigna.<\/p>\n<p>Grup Travi va rebre dos segells insigna per: Can Travi Nou i el Xalet de Montju\u00efc.<\/p>\n<p>L&#8217;empresa certificadora va avaluar l&#8217;excel\u00b7l\u00e8ncia del restaurador en aspectes diversos com l&#8217;atenci\u00f3 a client, la resoluci\u00f3 de conflictes i reclamacions, les condicions de el local, les condicions sanit\u00e0ries i higi\u00e8niques, el compliment de les normatives aplicables, la gesti\u00f3 dels aliments al\u00b7l\u00e8rgens, etc. .<\/p>\n<p>Insigna \u00e9s una iniciativa del Gremi de Restauraci\u00f3 de Barcelona en col\u00b7laboraci\u00f3 amb la Generalitat de Catalunya i el suport de l&#8217;Ajuntament de Barcelona.<\/p>\n<p>\u00c9s un honor formar part dels 50 millors restaurants de la capital catalana.<\/p>\n<p><a href=\"http:\/\/www.gruptravi.com\/wp-content\/uploads\/2017\/09\/IMG_0470.jpg\"><img loading=\"lazy\" decoding=\"async\" class=\"aligncenter wp-image-4266 size-large\" src=\"http:\/\/www.gruptravi.com\/wp-content\/uploads\/2017\/09\/IMG_0470-1024x768.jpg\" alt=\"\" width=\"1024\" height=\"768\" \/><img loading=\"lazy\" decoding=\"async\" class=\"aligncenter wp-image-4268 size-large\" src=\"https:\/\/gruptravi.com\/wp-content\/uploads\/2017\/09\/IMG_0476-1024x768.jpg\" alt=\"\" width=\"1024\" height=\"768\" \/><\/a><\/p><\/div><\/div><\/div>\n","protected":false},"excerpt":{"rendered":"<p>La hosteler\u00eda de Barcelona present\u00f3 ayer su nuevo sello de calidad. Insigna es una iniciativa del Gremi de Restauraci\u00f3 de Barcelona que nace con el objetivo de reconocer la excelencia alcanzada por los restaurantes de Barcelona.<\/p>\n","protected":false},"author":3,"featured_media":14489,"comment_status":"open","ping_status":"open","sticky":false,"template":"","format":"standard","meta":{"footnotes":""},"categories":[239],"tags":[266,259,267],"yoast_head":"<!-- This site is optimized with the Yoast SEO plugin v24.5 - https:\/\/yoast.com\/wordpress\/plugins\/seo\/ -->\n<title>Can Travi Nou i El Xalet reben el segell insigna - Grup Travi<\/title>\n<meta name=\"description\" content=\"L\u2019hostaleria de Barcelona va presentar ahir el seu nou segell de qualitat. Insigna \u00e9s una iniciativa de l\u2019Gremi de Restauraci\u00f3 de Barcelona\" \/>\n<meta name=\"robots\" content=\"index, follow, max-snippet:-1, max-image-preview:large, max-video-preview:-1\" \/>\n<link rel=\"canonical\" href=\"https:\/\/gruptravi.com\/ca\/can-travi-nou-i-el-xalet-reben-el-segell-insigna\/\" \/>\n<meta property=\"og:locale\" content=\"ca_ES\" \/>\n<meta property=\"og:type\" content=\"article\" \/>\n<meta property=\"og:title\" content=\"Segell Insignia\" \/>\n<meta property=\"og:description\" content=\"L\u2019hostaleria de Barcelona va presentar ahir el seu nou segell de qualitat. Insigna \u00e9s una iniciativa de l\u2019Gremi de Restauraci\u00f3 de Barcelona\" \/>\n<meta property=\"og:url\" content=\"https:\/\/gruptravi.com\/ca\/can-travi-nou-i-el-xalet-reben-el-segell-insigna\/\" \/>\n<meta property=\"og:site_name\" content=\"Grup Travi\" \/>\n<meta property=\"article:published_time\" content=\"2017-02-22T09:45:13+00:00\" \/>\n<meta property=\"article:modified_time\" content=\"2022-02-11T23:34:50+00:00\" \/>\n<meta property=\"og:image\" content=\"https:\/\/gruptravi.com\/wp-content\/uploads\/2017\/09\/IMG_0481.jpg\" \/>\n\t<meta property=\"og:image:width\" content=\"1200\" \/>\n\t<meta property=\"og:image:height\" content=\"1600\" \/>\n\t<meta property=\"og:image:type\" content=\"image\/jpeg\" \/>\n<meta name=\"author\" content=\"albert\" \/>\n<meta name=\"twitter:card\" content=\"summary_large_image\" \/>\n<meta name=\"twitter:title\" content=\"Segell Insignia\" \/>\n<meta name=\"twitter:description\" content=\"L\u2019hostaleria de Barcelona va presentar ahir el seu nou segell de qualitat. Insigna \u00e9s una iniciativa de l\u2019Gremi de Restauraci\u00f3 de Barcelona\" \/>\n<meta name=\"twitter:image\" content=\"https:\/\/gruptravi.com\/wp-content\/uploads\/2017\/09\/IMG_0481.jpg\" \/>\n<meta name=\"twitter:label1\" content=\"Escrit per\" \/>\n\t<meta name=\"twitter:data1\" content=\"albert\" \/>\n\t<meta name=\"twitter:label2\" content=\"Temps estimat de lectura\" \/>\n\t<meta name=\"twitter:data2\" content=\"1 minut\" \/>\n<script type=\"application\/ld+json\" class=\"yoast-schema-graph\">{\"@context\":\"https:\/\/schema.org\",\"@graph\":[{\"@type\":\"WebPage\",\"@id\":\"https:\/\/gruptravi.com\/ca\/can-travi-nou-i-el-xalet-reben-el-segell-insigna\/\",\"url\":\"https:\/\/gruptravi.com\/ca\/can-travi-nou-i-el-xalet-reben-el-segell-insigna\/\",\"name\":\"Can Travi Nou i El Xalet reben el segell insigna - Grup Travi\",\"isPartOf\":{\"@id\":\"https:\/\/gruptravi.com\/ca\/#website\"},\"primaryImageOfPage\":{\"@id\":\"https:\/\/gruptravi.com\/ca\/can-travi-nou-i-el-xalet-reben-el-segell-insigna\/#primaryimage\"},\"image\":{\"@id\":\"https:\/\/gruptravi.com\/ca\/can-travi-nou-i-el-xalet-reben-el-segell-insigna\/#primaryimage\"},\"thumbnailUrl\":\"https:\/\/gruptravi.com\/wp-content\/uploads\/2017\/09\/IMG_0481.jpg\",\"datePublished\":\"2017-02-22T09:45:13+00:00\",\"dateModified\":\"2022-02-11T23:34:50+00:00\",\"author\":{\"@id\":\"https:\/\/gruptravi.com\/ca\/#\/schema\/person\/80edab13e6ff7ff3e7adc757352ab063\"},\"description\":\"L\u2019hostaleria de Barcelona va presentar ahir el seu nou segell de qualitat. Insigna \u00e9s una iniciativa de l\u2019Gremi de Restauraci\u00f3 de Barcelona\",\"breadcrumb\":{\"@id\":\"https:\/\/gruptravi.com\/ca\/can-travi-nou-i-el-xalet-reben-el-segell-insigna\/#breadcrumb\"},\"inLanguage\":\"ca\",\"potentialAction\":[{\"@type\":\"ReadAction\",\"target\":[\"https:\/\/gruptravi.com\/ca\/can-travi-nou-i-el-xalet-reben-el-segell-insigna\/\"]}]},{\"@type\":\"ImageObject\",\"inLanguage\":\"ca\",\"@id\":\"https:\/\/gruptravi.com\/ca\/can-travi-nou-i-el-xalet-reben-el-segell-insigna\/#primaryimage\",\"url\":\"https:\/\/gruptravi.com\/wp-content\/uploads\/2017\/09\/IMG_0481.jpg\",\"contentUrl\":\"https:\/\/gruptravi.com\/wp-content\/uploads\/2017\/09\/IMG_0481.jpg\",\"width\":1200,\"height\":1600},{\"@type\":\"BreadcrumbList\",\"@id\":\"https:\/\/gruptravi.com\/ca\/can-travi-nou-i-el-xalet-reben-el-segell-insigna\/#breadcrumb\",\"itemListElement\":[{\"@type\":\"ListItem\",\"position\":1,\"name\":\"Portada\",\"item\":\"https:\/\/gruptravi.com\/ca\/\"},{\"@type\":\"ListItem\",\"position\":2,\"name\":\"Can Travi Nou i El Xalet reben el segell insigna\"}]},{\"@type\":\"WebSite\",\"@id\":\"https:\/\/gruptravi.com\/ca\/#website\",\"url\":\"https:\/\/gruptravi.com\/ca\/\",\"name\":\"Grup Travi\",\"description\":\"\",\"potentialAction\":[{\"@type\":\"SearchAction\",\"target\":{\"@type\":\"EntryPoint\",\"urlTemplate\":\"https:\/\/gruptravi.com\/ca\/?s={search_term_string}\"},\"query-input\":{\"@type\":\"PropertyValueSpecification\",\"valueRequired\":true,\"valueName\":\"search_term_string\"}}],\"inLanguage\":\"ca\"},{\"@type\":\"Person\",\"@id\":\"https:\/\/gruptravi.com\/ca\/#\/schema\/person\/80edab13e6ff7ff3e7adc757352ab063\",\"name\":\"albert\",\"url\":\"https:\/\/gruptravi.com\/ca\/author\/albert\/\"}]}<\/script>\n<!-- \/ Yoast SEO plugin. -->","yoast_head_json":{"title":"Can Travi Nou i El Xalet reben el segell insigna - Grup Travi","description":"L\u2019hostaleria de Barcelona va presentar ahir el seu nou segell de qualitat. Insigna \u00e9s una iniciativa de l\u2019Gremi de Restauraci\u00f3 de Barcelona","robots":{"index":"index","follow":"follow","max-snippet":"max-snippet:-1","max-image-preview":"max-image-preview:large","max-video-preview":"max-video-preview:-1"},"canonical":"https:\/\/gruptravi.com\/ca\/can-travi-nou-i-el-xalet-reben-el-segell-insigna\/","og_locale":"ca_ES","og_type":"article","og_title":"Segell Insignia","og_description":"L\u2019hostaleria de Barcelona va presentar ahir el seu nou segell de qualitat. Insigna \u00e9s una iniciativa de l\u2019Gremi de Restauraci\u00f3 de Barcelona","og_url":"https:\/\/gruptravi.com\/ca\/can-travi-nou-i-el-xalet-reben-el-segell-insigna\/","og_site_name":"Grup Travi","article_published_time":"2017-02-22T09:45:13+00:00","article_modified_time":"2022-02-11T23:34:50+00:00","og_image":[{"width":1200,"height":1600,"url":"https:\/\/gruptravi.com\/wp-content\/uploads\/2017\/09\/IMG_0481.jpg","type":"image\/jpeg"}],"author":"albert","twitter_card":"summary_large_image","twitter_title":"Segell Insignia","twitter_description":"L\u2019hostaleria de Barcelona va presentar ahir el seu nou segell de qualitat. Insigna \u00e9s una iniciativa de l\u2019Gremi de Restauraci\u00f3 de Barcelona","twitter_image":"https:\/\/gruptravi.com\/wp-content\/uploads\/2017\/09\/IMG_0481.jpg","twitter_misc":{"Escrit per":"albert","Temps estimat de lectura":"1 minut"},"schema":{"@context":"https:\/\/schema.org","@graph":[{"@type":"WebPage","@id":"https:\/\/gruptravi.com\/ca\/can-travi-nou-i-el-xalet-reben-el-segell-insigna\/","url":"https:\/\/gruptravi.com\/ca\/can-travi-nou-i-el-xalet-reben-el-segell-insigna\/","name":"Can Travi Nou i El Xalet reben el segell insigna - Grup Travi","isPartOf":{"@id":"https:\/\/gruptravi.com\/ca\/#website"},"primaryImageOfPage":{"@id":"https:\/\/gruptravi.com\/ca\/can-travi-nou-i-el-xalet-reben-el-segell-insigna\/#primaryimage"},"image":{"@id":"https:\/\/gruptravi.com\/ca\/can-travi-nou-i-el-xalet-reben-el-segell-insigna\/#primaryimage"},"thumbnailUrl":"https:\/\/gruptravi.com\/wp-content\/uploads\/2017\/09\/IMG_0481.jpg","datePublished":"2017-02-22T09:45:13+00:00","dateModified":"2022-02-11T23:34:50+00:00","author":{"@id":"https:\/\/gruptravi.com\/ca\/#\/schema\/person\/80edab13e6ff7ff3e7adc757352ab063"},"description":"L\u2019hostaleria de Barcelona va presentar ahir el seu nou segell de qualitat. Insigna \u00e9s una iniciativa de l\u2019Gremi de Restauraci\u00f3 de Barcelona","breadcrumb":{"@id":"https:\/\/gruptravi.com\/ca\/can-travi-nou-i-el-xalet-reben-el-segell-insigna\/#breadcrumb"},"inLanguage":"ca","potentialAction":[{"@type":"ReadAction","target":["https:\/\/gruptravi.com\/ca\/can-travi-nou-i-el-xalet-reben-el-segell-insigna\/"]}]},{"@type":"ImageObject","inLanguage":"ca","@id":"https:\/\/gruptravi.com\/ca\/can-travi-nou-i-el-xalet-reben-el-segell-insigna\/#primaryimage","url":"https:\/\/gruptravi.com\/wp-content\/uploads\/2017\/09\/IMG_0481.jpg","contentUrl":"https:\/\/gruptravi.com\/wp-content\/uploads\/2017\/09\/IMG_0481.jpg","width":1200,"height":1600},{"@type":"BreadcrumbList","@id":"https:\/\/gruptravi.com\/ca\/can-travi-nou-i-el-xalet-reben-el-segell-insigna\/#breadcrumb","itemListElement":[{"@type":"ListItem","position":1,"name":"Portada","item":"https:\/\/gruptravi.com\/ca\/"},{"@type":"ListItem","position":2,"name":"Can Travi Nou i El Xalet reben el segell insigna"}]},{"@type":"WebSite","@id":"https:\/\/gruptravi.com\/ca\/#website","url":"https:\/\/gruptravi.com\/ca\/","name":"Grup Travi","description":"","potentialAction":[{"@type":"SearchAction","target":{"@type":"EntryPoint","urlTemplate":"https:\/\/gruptravi.com\/ca\/?s={search_term_string}"},"query-input":{"@type":"PropertyValueSpecification","valueRequired":true,"valueName":"search_term_string"}}],"inLanguage":"ca"},{"@type":"Person","@id":"https:\/\/gruptravi.com\/ca\/#\/schema\/person\/80edab13e6ff7ff3e7adc757352ab063","name":"albert","url":"https:\/\/gruptravi.com\/ca\/author\/albert\/"}]}},"jetpack_featured_media_url":"https:\/\/gruptravi.com\/wp-content\/uploads\/2017\/09\/IMG_0481.jpg","_links":{"self":[{"href":"https:\/\/gruptravi.com\/ca\/wp-json\/wp\/v2\/posts\/14485"}],"collection":[{"href":"https:\/\/gruptravi.com\/ca\/wp-json\/wp\/v2\/posts"}],"about":[{"href":"https:\/\/gruptravi.com\/ca\/wp-json\/wp\/v2\/types\/post"}],"author":[{"embeddable":true,"href":"https:\/\/gruptravi.com\/ca\/wp-json\/wp\/v2\/users\/3"}],"replies":[{"embeddable":true,"href":"https:\/\/gruptravi.com\/ca\/wp-json\/wp\/v2\/comments?post=14485"}],"version-history":[{"count":0,"href":"https:\/\/gruptravi.com\/ca\/wp-json\/wp\/v2\/posts\/14485\/revisions"}],"wp:featuredmedia":[{"embeddable":true,"href":"https:\/\/gruptravi.com\/ca\/wp-json\/wp\/v2\/media\/14489"}],"wp:attachment":[{"href":"https:\/\/gruptravi.com\/ca\/wp-json\/wp\/v2\/media?parent=14485"}],"wp:term":[{"taxonomy":"category","embeddable":true,"href":"https:\/\/gruptravi.com\/ca\/wp-json\/wp\/v2\/categories?post=14485"},{"taxonomy":"post_tag","embeddable":true,"href":"https:\/\/gruptravi.com\/ca\/wp-json\/wp\/v2\/tags?post=14485"}],"curies":[{"name":"wp","href":"https:\/\/api.w.org\/{rel}","templated":true}]}}