{"id":14574,"date":"2008-09-04T01:04:48","date_gmt":"2008-09-04T01:04:48","guid":{"rendered":"https:\/\/gruptravi.com\/2008\/09\/04\/historia-can-cortada\/"},"modified":"2021-09-15T07:07:12","modified_gmt":"2021-09-15T07:07:12","slug":"a-bit-of-history-about-can-cortada","status":"publish","type":"post","link":"https:\/\/gruptravi.com\/en\/a-bit-of-history-about-can-cortada\/","title":{"rendered":"A bit of history about Can Cortada&#8230;"},"content":{"rendered":"<div class=\"limit-wrapper\"><div class=\"row \"><div class=\"vamtam-grid grid-1-1  vamtam-first-level grid-1-1  first unextended no-extended-padding\" style=\"padding-top:0.05px;padding-bottom:0.05px;\" id=\"vamtam-column-a06fd71a4288c80b75601bbb1acc3153\" ><p>The beginnings of the current Masia <strong>Can Cortada<\/strong> date back to the 11th century, when the lords of Horta built a defence tower in anticipation of possible feudal attacks.<\/p>\n<p>During the 15th century the tower was transformed into a farmhouse and in 1711 the property was acquired by General <strong>Joan Cortada<\/strong>, who gave his name to the current farmhouse.<\/p>\n<p>For more than 350 years, <strong>Can Cortada<\/strong> has had a strong agricultural tradition, with a large area of land, until the growth of Horta and the opening of the great roads of metropolitan Barcelona have gradually encompassed the primitive rural organisation within the urban structure of the city.<\/p>\n<p>As a restaurant, <strong>Can Cortada<\/strong> is now 20 years old.<\/p>\n<p><code>[widgetkit id=2123]<\/code><\/p><\/div><\/div><\/div>\n","protected":false},"excerpt":{"rendered":"<p>Los inicios de la actual Mas\u00eda Can Cortada provienen del siglo XI, cuando los se\u00f1ores de Horta construyeron una Torre de Defensa como previsi\u00f3n de posibles ataques feudales.<\/p>\n","protected":false},"author":3,"featured_media":14577,"comment_status":"open","ping_status":"open","sticky":false,"template":"","format":"standard","meta":{"footnotes":""},"categories":[246],"tags":[],"yoast_head":"<!-- This site is optimized with the Yoast SEO plugin v24.5 - https:\/\/yoast.com\/wordpress\/plugins\/seo\/ -->\n<title>A bit of history about Can Cortada... - Grup Travi<\/title>\n<meta name=\"robots\" content=\"index, follow, max-snippet:-1, max-image-preview:large, max-video-preview:-1\" \/>\n<link rel=\"canonical\" href=\"https:\/\/gruptravi.com\/en\/a-bit-of-history-about-can-cortada\/\" \/>\n<meta property=\"og:locale\" content=\"en_US\" \/>\n<meta property=\"og:type\" content=\"article\" \/>\n<meta property=\"og:title\" content=\"A bit of history about Can Cortada... - Grup Travi\" \/>\n<meta property=\"og:description\" content=\"Los inicios de la actual Mas\u00eda Can Cortada provienen del siglo XI, cuando los se\u00f1ores de Horta construyeron una Torre de Defensa como previsi\u00f3n de posibles ataques feudales.\" \/>\n<meta property=\"og:url\" content=\"https:\/\/gruptravi.com\/en\/a-bit-of-history-about-can-cortada\/\" \/>\n<meta property=\"og:site_name\" content=\"Grup Travi\" \/>\n<meta property=\"article:published_time\" content=\"2008-09-04T01:04:48+00:00\" \/>\n<meta property=\"article:modified_time\" content=\"2021-09-15T07:07:12+00:00\" \/>\n<meta property=\"og:image\" content=\"https:\/\/gruptravi.com\/wp-content\/uploads\/2014\/06\/noticia_historia_can_cortada.jpg\" \/>\n\t<meta property=\"og:image:width\" content=\"320\" \/>\n\t<meta property=\"og:image:height\" content=\"370\" \/>\n\t<meta property=\"og:image:type\" content=\"image\/jpeg\" \/>\n<meta name=\"author\" content=\"albert\" \/>\n<meta name=\"twitter:card\" content=\"summary_large_image\" \/>\n<meta name=\"twitter:label1\" content=\"Written by\" \/>\n\t<meta name=\"twitter:data1\" content=\"albert\" \/>\n\t<meta name=\"twitter:label2\" content=\"Est. reading time\" \/>\n\t<meta name=\"twitter:data2\" content=\"1 minute\" \/>\n<script type=\"application\/ld+json\" class=\"yoast-schema-graph\">{\"@context\":\"https:\/\/schema.org\",\"@graph\":[{\"@type\":\"WebPage\",\"@id\":\"https:\/\/gruptravi.com\/en\/a-bit-of-history-about-can-cortada\/\",\"url\":\"https:\/\/gruptravi.com\/en\/a-bit-of-history-about-can-cortada\/\",\"name\":\"A bit of history about Can Cortada... - Grup Travi\",\"isPartOf\":{\"@id\":\"https:\/\/gruptravi.com\/ca\/#website\"},\"primaryImageOfPage\":{\"@id\":\"https:\/\/gruptravi.com\/en\/a-bit-of-history-about-can-cortada\/#primaryimage\"},\"image\":{\"@id\":\"https:\/\/gruptravi.com\/en\/a-bit-of-history-about-can-cortada\/#primaryimage\"},\"thumbnailUrl\":\"https:\/\/gruptravi.com\/wp-content\/uploads\/2014\/06\/noticia_historia_can_cortada.jpg\",\"datePublished\":\"2008-09-04T01:04:48+00:00\",\"dateModified\":\"2021-09-15T07:07:12+00:00\",\"author\":{\"@id\":\"https:\/\/gruptravi.com\/ca\/#\/schema\/person\/80edab13e6ff7ff3e7adc757352ab063\"},\"breadcrumb\":{\"@id\":\"https:\/\/gruptravi.com\/en\/a-bit-of-history-about-can-cortada\/#breadcrumb\"},\"inLanguage\":\"en-US\",\"potentialAction\":[{\"@type\":\"ReadAction\",\"target\":[\"https:\/\/gruptravi.com\/en\/a-bit-of-history-about-can-cortada\/\"]}]},{\"@type\":\"ImageObject\",\"inLanguage\":\"en-US\",\"@id\":\"https:\/\/gruptravi.com\/en\/a-bit-of-history-about-can-cortada\/#primaryimage\",\"url\":\"https:\/\/gruptravi.com\/wp-content\/uploads\/2014\/06\/noticia_historia_can_cortada.jpg\",\"contentUrl\":\"https:\/\/gruptravi.com\/wp-content\/uploads\/2014\/06\/noticia_historia_can_cortada.jpg\",\"width\":320,\"height\":370},{\"@type\":\"BreadcrumbList\",\"@id\":\"https:\/\/gruptravi.com\/en\/a-bit-of-history-about-can-cortada\/#breadcrumb\",\"itemListElement\":[{\"@type\":\"ListItem\",\"position\":1,\"name\":\"Portada\",\"item\":\"https:\/\/gruptravi.com\/en\/\"},{\"@type\":\"ListItem\",\"position\":2,\"name\":\"A bit of history about Can Cortada&#8230;\"}]},{\"@type\":\"WebSite\",\"@id\":\"https:\/\/gruptravi.com\/ca\/#website\",\"url\":\"https:\/\/gruptravi.com\/ca\/\",\"name\":\"Grup Travi\",\"description\":\"\",\"potentialAction\":[{\"@type\":\"SearchAction\",\"target\":{\"@type\":\"EntryPoint\",\"urlTemplate\":\"https:\/\/gruptravi.com\/ca\/?s={search_term_string}\"},\"query-input\":{\"@type\":\"PropertyValueSpecification\",\"valueRequired\":true,\"valueName\":\"search_term_string\"}}],\"inLanguage\":\"en-US\"},{\"@type\":\"Person\",\"@id\":\"https:\/\/gruptravi.com\/ca\/#\/schema\/person\/80edab13e6ff7ff3e7adc757352ab063\",\"name\":\"albert\",\"url\":\"https:\/\/gruptravi.com\/en\/author\/albert\/\"}]}<\/script>\n<!-- \/ Yoast SEO plugin. -->","yoast_head_json":{"title":"A bit of history about Can Cortada... - Grup Travi","robots":{"index":"index","follow":"follow","max-snippet":"max-snippet:-1","max-image-preview":"max-image-preview:large","max-video-preview":"max-video-preview:-1"},"canonical":"https:\/\/gruptravi.com\/en\/a-bit-of-history-about-can-cortada\/","og_locale":"en_US","og_type":"article","og_title":"A bit of history about Can Cortada... - Grup Travi","og_description":"Los inicios de la actual Mas\u00eda Can Cortada provienen del siglo XI, cuando los se\u00f1ores de Horta construyeron una Torre de Defensa como previsi\u00f3n de posibles ataques feudales.","og_url":"https:\/\/gruptravi.com\/en\/a-bit-of-history-about-can-cortada\/","og_site_name":"Grup Travi","article_published_time":"2008-09-04T01:04:48+00:00","article_modified_time":"2021-09-15T07:07:12+00:00","og_image":[{"width":320,"height":370,"url":"https:\/\/gruptravi.com\/wp-content\/uploads\/2014\/06\/noticia_historia_can_cortada.jpg","type":"image\/jpeg"}],"author":"albert","twitter_card":"summary_large_image","twitter_misc":{"Written by":"albert","Est. reading time":"1 minute"},"schema":{"@context":"https:\/\/schema.org","@graph":[{"@type":"WebPage","@id":"https:\/\/gruptravi.com\/en\/a-bit-of-history-about-can-cortada\/","url":"https:\/\/gruptravi.com\/en\/a-bit-of-history-about-can-cortada\/","name":"A bit of history about Can Cortada... - Grup Travi","isPartOf":{"@id":"https:\/\/gruptravi.com\/ca\/#website"},"primaryImageOfPage":{"@id":"https:\/\/gruptravi.com\/en\/a-bit-of-history-about-can-cortada\/#primaryimage"},"image":{"@id":"https:\/\/gruptravi.com\/en\/a-bit-of-history-about-can-cortada\/#primaryimage"},"thumbnailUrl":"https:\/\/gruptravi.com\/wp-content\/uploads\/2014\/06\/noticia_historia_can_cortada.jpg","datePublished":"2008-09-04T01:04:48+00:00","dateModified":"2021-09-15T07:07:12+00:00","author":{"@id":"https:\/\/gruptravi.com\/ca\/#\/schema\/person\/80edab13e6ff7ff3e7adc757352ab063"},"breadcrumb":{"@id":"https:\/\/gruptravi.com\/en\/a-bit-of-history-about-can-cortada\/#breadcrumb"},"inLanguage":"en-US","potentialAction":[{"@type":"ReadAction","target":["https:\/\/gruptravi.com\/en\/a-bit-of-history-about-can-cortada\/"]}]},{"@type":"ImageObject","inLanguage":"en-US","@id":"https:\/\/gruptravi.com\/en\/a-bit-of-history-about-can-cortada\/#primaryimage","url":"https:\/\/gruptravi.com\/wp-content\/uploads\/2014\/06\/noticia_historia_can_cortada.jpg","contentUrl":"https:\/\/gruptravi.com\/wp-content\/uploads\/2014\/06\/noticia_historia_can_cortada.jpg","width":320,"height":370},{"@type":"BreadcrumbList","@id":"https:\/\/gruptravi.com\/en\/a-bit-of-history-about-can-cortada\/#breadcrumb","itemListElement":[{"@type":"ListItem","position":1,"name":"Portada","item":"https:\/\/gruptravi.com\/en\/"},{"@type":"ListItem","position":2,"name":"A bit of history about Can Cortada&#8230;"}]},{"@type":"WebSite","@id":"https:\/\/gruptravi.com\/ca\/#website","url":"https:\/\/gruptravi.com\/ca\/","name":"Grup Travi","description":"","potentialAction":[{"@type":"SearchAction","target":{"@type":"EntryPoint","urlTemplate":"https:\/\/gruptravi.com\/ca\/?s={search_term_string}"},"query-input":{"@type":"PropertyValueSpecification","valueRequired":true,"valueName":"search_term_string"}}],"inLanguage":"en-US"},{"@type":"Person","@id":"https:\/\/gruptravi.com\/ca\/#\/schema\/person\/80edab13e6ff7ff3e7adc757352ab063","name":"albert","url":"https:\/\/gruptravi.com\/en\/author\/albert\/"}]}},"jetpack_featured_media_url":"https:\/\/gruptravi.com\/wp-content\/uploads\/2014\/06\/noticia_historia_can_cortada.jpg","_links":{"self":[{"href":"https:\/\/gruptravi.com\/en\/wp-json\/wp\/v2\/posts\/14574"}],"collection":[{"href":"https:\/\/gruptravi.com\/en\/wp-json\/wp\/v2\/posts"}],"about":[{"href":"https:\/\/gruptravi.com\/en\/wp-json\/wp\/v2\/types\/post"}],"author":[{"embeddable":true,"href":"https:\/\/gruptravi.com\/en\/wp-json\/wp\/v2\/users\/3"}],"replies":[{"embeddable":true,"href":"https:\/\/gruptravi.com\/en\/wp-json\/wp\/v2\/comments?post=14574"}],"version-history":[{"count":0,"href":"https:\/\/gruptravi.com\/en\/wp-json\/wp\/v2\/posts\/14574\/revisions"}],"wp:featuredmedia":[{"embeddable":true,"href":"https:\/\/gruptravi.com\/en\/wp-json\/wp\/v2\/media\/14577"}],"wp:attachment":[{"href":"https:\/\/gruptravi.com\/en\/wp-json\/wp\/v2\/media?parent=14574"}],"wp:term":[{"taxonomy":"category","embeddable":true,"href":"https:\/\/gruptravi.com\/en\/wp-json\/wp\/v2\/categories?post=14574"},{"taxonomy":"post_tag","embeddable":true,"href":"https:\/\/gruptravi.com\/en\/wp-json\/wp\/v2\/tags?post=14574"}],"curies":[{"name":"wp","href":"https:\/\/api.w.org\/{rel}","templated":true}]}}