{"id":13790,"date":"2015-03-09T09:00:10","date_gmt":"2015-03-09T09:00:10","guid":{"rendered":"http:\/\/www.gruptravi.com\/?p=3738"},"modified":"2015-03-09T09:00:10","modified_gmt":"2015-03-09T09:00:10","slug":"los-brodas-bros-en-el-xalet-de-montjuic","status":"publish","type":"post","link":"https:\/\/gruptravi.com\/es\/los-brodas-bros-en-el-xalet-de-montjuic\/","title":{"rendered":"Los Brodas Bros en el Xalet de Montju\u00efc"},"content":{"rendered":"<p style=\"text-align: justify;\">La compa\u00f1\u00eda catalana de danza urbana Brodas Bros present\u00f3 el pasado mes de febrero su espect\u00e1culo en la ciudad de Barcelona.<\/p>\n<p style=\"text-align: justify;\"><!--more--><\/p>\n<p style=\"text-align: justify;\">Durante su promoci\u00f3n, el equipo realiz\u00f3 una sesi\u00f3n fotogr\u00e1fica en la terraza y el sal\u00f3n giratorio del restaurante Xalet de Montju\u00efc.<\/p>\n<p style=\"text-align: justify;\">Los hermanos Pol y Lluc Fruit\u00f3s decidieron poner en escena todos sus conocimientos de danza urbana (pooping, locking, breaking, hip-hop y danza contempor\u00e1nea) en los escenarios. Los Brodas Bros han actuado en pel\u00edculas como &#8216;Yo soy la Juani&#8217; y tambi\u00e9n han sido maestros de artistas de Saltimbanco y Corteo, del Cirque du Soleil.<\/p>\n<p style=\"text-align: justify;\">\u00a1Un placer recibir a estos artistas que transmiten tanta energ\u00eda y positivismo!<\/p>\n<p style=\"text-align: justify;\"><a href=\"http:\/\/www.gruptravi.com\/wp-content\/uploads\/2015\/11\/Brodas-Bros-Xalet-de-Montjuic-salon-giratorio.jpg\"><img loading=\"lazy\" decoding=\"async\" class=\"wp-image-3740 alignleft\" src=\"http:\/\/www.gruptravi.com\/wp-content\/uploads\/2015\/11\/Brodas-Bros-Xalet-de-Montjuic-salon-giratorio.jpg\" alt=\"Brodas-Bros-Xalet-de-Montjuic-salon-giratorio\" width=\"415\" height=\"313\" \/><\/a> <a href=\"http:\/\/www.gruptravi.com\/wp-content\/uploads\/2015\/11\/Brodas-Bros-Xalet-de-Montjuic-terraza.jpg\"><img loading=\"lazy\" decoding=\"async\" class=\"alignnone wp-image-3741\" src=\"http:\/\/www.gruptravi.com\/wp-content\/uploads\/2015\/11\/Brodas-Bros-Xalet-de-Montjuic-terraza.jpg\" alt=\"Brodas-Bros-Xalet-de-Montjuic-terraza\" width=\"285\" height=\"381\" \/><\/a><\/p>\n","protected":false},"excerpt":{"rendered":"<p>El equipo realiz\u00f3 una sesi\u00f3n fotogr\u00e1fica en la terraza y el sal\u00f3n giratorio del restaurante.<\/p>\n","protected":false},"author":1,"featured_media":13793,"comment_status":"open","ping_status":"open","sticky":false,"template":"","format":"standard","meta":{"footnotes":""},"categories":[195],"tags":[],"yoast_head":"<!-- This site is optimized with the Yoast SEO plugin v24.5 - https:\/\/yoast.com\/wordpress\/plugins\/seo\/ -->\n<title>Los Brodas Bros en el Xalet de Montju\u00efc - Grup Travi<\/title>\n<meta name=\"robots\" content=\"index, follow, max-snippet:-1, max-image-preview:large, max-video-preview:-1\" \/>\n<link rel=\"canonical\" href=\"https:\/\/gruptravi.com\/es\/los-brodas-bros-en-el-xalet-de-montjuic\/\" \/>\n<meta property=\"og:locale\" content=\"es_ES\" \/>\n<meta property=\"og:type\" content=\"article\" \/>\n<meta property=\"og:title\" content=\"Los Brodas Bros en el Xalet de Montju\u00efc - Grup Travi\" \/>\n<meta property=\"og:description\" content=\"El equipo realiz\u00f3 una sesi\u00f3n fotogr\u00e1fica en la terraza y el sal\u00f3n giratorio del restaurante.\" \/>\n<meta property=\"og:url\" content=\"https:\/\/gruptravi.com\/es\/los-brodas-bros-en-el-xalet-de-montjuic\/\" \/>\n<meta property=\"og:site_name\" content=\"Grup Travi\" \/>\n<meta property=\"article:published_time\" content=\"2015-03-09T09:00:10+00:00\" \/>\n<meta property=\"og:image\" content=\"https:\/\/gruptravi.com\/wp-content\/uploads\/2015\/11\/Brodas-Bros-Xalet-de-Montjuic.jpg\" \/>\n\t<meta property=\"og:image:width\" content=\"652\" \/>\n\t<meta property=\"og:image:height\" content=\"492\" \/>\n\t<meta property=\"og:image:type\" content=\"image\/jpeg\" \/>\n<meta name=\"twitter:card\" content=\"summary_large_image\" \/>\n<meta name=\"twitter:label1\" content=\"Escrito por\" \/>\n\t<meta name=\"twitter:data1\" content=\"\" \/>\n\t<meta name=\"twitter:label2\" content=\"Tiempo de lectura\" \/>\n\t<meta name=\"twitter:data2\" content=\"1 minuto\" \/>\n<script type=\"application\/ld+json\" class=\"yoast-schema-graph\">{\"@context\":\"https:\/\/schema.org\",\"@graph\":[{\"@type\":\"WebPage\",\"@id\":\"https:\/\/gruptravi.com\/es\/los-brodas-bros-en-el-xalet-de-montjuic\/\",\"url\":\"https:\/\/gruptravi.com\/es\/los-brodas-bros-en-el-xalet-de-montjuic\/\",\"name\":\"Los Brodas Bros en el Xalet de Montju\u00efc - Grup Travi\",\"isPartOf\":{\"@id\":\"https:\/\/gruptravi.com\/ca\/#website\"},\"primaryImageOfPage\":{\"@id\":\"https:\/\/gruptravi.com\/es\/los-brodas-bros-en-el-xalet-de-montjuic\/#primaryimage\"},\"image\":{\"@id\":\"https:\/\/gruptravi.com\/es\/los-brodas-bros-en-el-xalet-de-montjuic\/#primaryimage\"},\"thumbnailUrl\":\"https:\/\/gruptravi.com\/wp-content\/uploads\/2015\/11\/Brodas-Bros-Xalet-de-Montjuic.jpg\",\"datePublished\":\"2015-03-09T09:00:10+00:00\",\"author\":{\"@id\":\"\"},\"breadcrumb\":{\"@id\":\"https:\/\/gruptravi.com\/es\/los-brodas-bros-en-el-xalet-de-montjuic\/#breadcrumb\"},\"inLanguage\":\"es\",\"potentialAction\":[{\"@type\":\"ReadAction\",\"target\":[\"https:\/\/gruptravi.com\/es\/los-brodas-bros-en-el-xalet-de-montjuic\/\"]}]},{\"@type\":\"ImageObject\",\"inLanguage\":\"es\",\"@id\":\"https:\/\/gruptravi.com\/es\/los-brodas-bros-en-el-xalet-de-montjuic\/#primaryimage\",\"url\":\"https:\/\/gruptravi.com\/wp-content\/uploads\/2015\/11\/Brodas-Bros-Xalet-de-Montjuic.jpg\",\"contentUrl\":\"https:\/\/gruptravi.com\/wp-content\/uploads\/2015\/11\/Brodas-Bros-Xalet-de-Montjuic.jpg\",\"width\":652,\"height\":492},{\"@type\":\"BreadcrumbList\",\"@id\":\"https:\/\/gruptravi.com\/es\/los-brodas-bros-en-el-xalet-de-montjuic\/#breadcrumb\",\"itemListElement\":[{\"@type\":\"ListItem\",\"position\":1,\"name\":\"Portada\",\"item\":\"https:\/\/gruptravi.com\/es\/\"},{\"@type\":\"ListItem\",\"position\":2,\"name\":\"Los Brodas Bros en el Xalet de Montju\u00efc\"}]},{\"@type\":\"WebSite\",\"@id\":\"https:\/\/gruptravi.com\/ca\/#website\",\"url\":\"https:\/\/gruptravi.com\/ca\/\",\"name\":\"Grup Travi\",\"description\":\"\",\"potentialAction\":[{\"@type\":\"SearchAction\",\"target\":{\"@type\":\"EntryPoint\",\"urlTemplate\":\"https:\/\/gruptravi.com\/ca\/?s={search_term_string}\"},\"query-input\":{\"@type\":\"PropertyValueSpecification\",\"valueRequired\":true,\"valueName\":\"search_term_string\"}}],\"inLanguage\":\"es\"},{\"@type\":\"Person\",\"@id\":\"\",\"url\":\"https:\/\/gruptravi.com\/es\/author\/\"}]}<\/script>\n<!-- \/ Yoast SEO plugin. -->","yoast_head_json":{"title":"Los Brodas Bros en el Xalet de Montju\u00efc - Grup Travi","robots":{"index":"index","follow":"follow","max-snippet":"max-snippet:-1","max-image-preview":"max-image-preview:large","max-video-preview":"max-video-preview:-1"},"canonical":"https:\/\/gruptravi.com\/es\/los-brodas-bros-en-el-xalet-de-montjuic\/","og_locale":"es_ES","og_type":"article","og_title":"Los Brodas Bros en el Xalet de Montju\u00efc - Grup Travi","og_description":"El equipo realiz\u00f3 una sesi\u00f3n fotogr\u00e1fica en la terraza y el sal\u00f3n giratorio del restaurante.","og_url":"https:\/\/gruptravi.com\/es\/los-brodas-bros-en-el-xalet-de-montjuic\/","og_site_name":"Grup Travi","article_published_time":"2015-03-09T09:00:10+00:00","og_image":[{"width":652,"height":492,"url":"https:\/\/gruptravi.com\/wp-content\/uploads\/2015\/11\/Brodas-Bros-Xalet-de-Montjuic.jpg","type":"image\/jpeg"}],"twitter_card":"summary_large_image","twitter_misc":{"Escrito por":"","Tiempo de lectura":"1 minuto"},"schema":{"@context":"https:\/\/schema.org","@graph":[{"@type":"WebPage","@id":"https:\/\/gruptravi.com\/es\/los-brodas-bros-en-el-xalet-de-montjuic\/","url":"https:\/\/gruptravi.com\/es\/los-brodas-bros-en-el-xalet-de-montjuic\/","name":"Los Brodas Bros en el Xalet de Montju\u00efc - Grup Travi","isPartOf":{"@id":"https:\/\/gruptravi.com\/ca\/#website"},"primaryImageOfPage":{"@id":"https:\/\/gruptravi.com\/es\/los-brodas-bros-en-el-xalet-de-montjuic\/#primaryimage"},"image":{"@id":"https:\/\/gruptravi.com\/es\/los-brodas-bros-en-el-xalet-de-montjuic\/#primaryimage"},"thumbnailUrl":"https:\/\/gruptravi.com\/wp-content\/uploads\/2015\/11\/Brodas-Bros-Xalet-de-Montjuic.jpg","datePublished":"2015-03-09T09:00:10+00:00","author":{"@id":""},"breadcrumb":{"@id":"https:\/\/gruptravi.com\/es\/los-brodas-bros-en-el-xalet-de-montjuic\/#breadcrumb"},"inLanguage":"es","potentialAction":[{"@type":"ReadAction","target":["https:\/\/gruptravi.com\/es\/los-brodas-bros-en-el-xalet-de-montjuic\/"]}]},{"@type":"ImageObject","inLanguage":"es","@id":"https:\/\/gruptravi.com\/es\/los-brodas-bros-en-el-xalet-de-montjuic\/#primaryimage","url":"https:\/\/gruptravi.com\/wp-content\/uploads\/2015\/11\/Brodas-Bros-Xalet-de-Montjuic.jpg","contentUrl":"https:\/\/gruptravi.com\/wp-content\/uploads\/2015\/11\/Brodas-Bros-Xalet-de-Montjuic.jpg","width":652,"height":492},{"@type":"BreadcrumbList","@id":"https:\/\/gruptravi.com\/es\/los-brodas-bros-en-el-xalet-de-montjuic\/#breadcrumb","itemListElement":[{"@type":"ListItem","position":1,"name":"Portada","item":"https:\/\/gruptravi.com\/es\/"},{"@type":"ListItem","position":2,"name":"Los Brodas Bros en el Xalet de Montju\u00efc"}]},{"@type":"WebSite","@id":"https:\/\/gruptravi.com\/ca\/#website","url":"https:\/\/gruptravi.com\/ca\/","name":"Grup Travi","description":"","potentialAction":[{"@type":"SearchAction","target":{"@type":"EntryPoint","urlTemplate":"https:\/\/gruptravi.com\/ca\/?s={search_term_string}"},"query-input":{"@type":"PropertyValueSpecification","valueRequired":true,"valueName":"search_term_string"}}],"inLanguage":"es"},{"@type":"Person","@id":"","url":"https:\/\/gruptravi.com\/es\/author\/"}]}},"jetpack_featured_media_url":"https:\/\/gruptravi.com\/wp-content\/uploads\/2015\/11\/Brodas-Bros-Xalet-de-Montjuic.jpg","_links":{"self":[{"href":"https:\/\/gruptravi.com\/es\/wp-json\/wp\/v2\/posts\/13790"}],"collection":[{"href":"https:\/\/gruptravi.com\/es\/wp-json\/wp\/v2\/posts"}],"about":[{"href":"https:\/\/gruptravi.com\/es\/wp-json\/wp\/v2\/types\/post"}],"author":[{"embeddable":true,"href":"https:\/\/gruptravi.com\/es\/wp-json\/wp\/v2\/users\/1"}],"replies":[{"embeddable":true,"href":"https:\/\/gruptravi.com\/es\/wp-json\/wp\/v2\/comments?post=13790"}],"version-history":[{"count":0,"href":"https:\/\/gruptravi.com\/es\/wp-json\/wp\/v2\/posts\/13790\/revisions"}],"wp:featuredmedia":[{"embeddable":true,"href":"https:\/\/gruptravi.com\/es\/wp-json\/wp\/v2\/media\/13793"}],"wp:attachment":[{"href":"https:\/\/gruptravi.com\/es\/wp-json\/wp\/v2\/media?parent=13790"}],"wp:term":[{"taxonomy":"category","embeddable":true,"href":"https:\/\/gruptravi.com\/es\/wp-json\/wp\/v2\/categories?post=13790"},{"taxonomy":"post_tag","embeddable":true,"href":"https:\/\/gruptravi.com\/es\/wp-json\/wp\/v2\/tags?post=13790"}],"curies":[{"name":"wp","href":"https:\/\/api.w.org\/{rel}","templated":true}]}}