{"id":13797,"date":"2014-12-29T09:00:17","date_gmt":"2014-12-29T09:00:17","guid":{"rendered":"http:\/\/www.gruptravi.com\/?p=3754"},"modified":"2014-12-29T09:00:17","modified_gmt":"2014-12-29T09:00:17","slug":"el-xalet-de-montjuic-escenario-de-la-campana-de-navidad-de-adidas","status":"publish","type":"post","link":"https:\/\/gruptravi.com\/es\/el-xalet-de-montjuic-escenario-de-la-campana-de-navidad-de-adidas\/","title":{"rendered":"El Xalet de Montju\u00efc, escenario de la campa\u00f1a de navidad de Adidas"},"content":{"rendered":"<p style=\"text-align: justify;\">La terraza del restaurante Xalet de Montju\u00efc fue el escenario de la presentaci\u00f3n de la campa\u00f1a de navidad de la marca Adidas, que se present\u00f3 a la prensa con diez embajadores de la marca, todos futbolistas de distintas categor\u00edas del FC Barcelona, con el mensaje Give Sport, Give Adidas.<\/p>\n<p style=\"text-align: justify;\">La gran protagonista del evento, adem\u00e1s de los embajadores de la marca como Xavi Hern\u00e1ndez o Jordi Alba, fue el skyline de Barcelona.<\/p>\n<p>&nbsp;<\/p>\n<p><a href=\"http:\/\/www.gruptravi.com\/wp-content\/uploads\/2015\/11\/2.jpg\"><img loading=\"lazy\" decoding=\"async\" class=\"alignnone size-full wp-image-3748\" src=\"http:\/\/www.gruptravi.com\/wp-content\/uploads\/2015\/11\/2.jpg\" alt=\"2\" width=\"960\" height=\"487\" \/><\/a><\/p>\n","protected":false},"excerpt":{"rendered":"<p>La gran protagonista del evento, adem\u00e1s de los embajadores de la marca como Xavi Hern\u00e1ndez o Jordi Alba, fue el skyline de Barcelona.<\/p>\n","protected":false},"author":1,"featured_media":13798,"comment_status":"open","ping_status":"open","sticky":false,"template":"","format":"standard","meta":{"footnotes":""},"categories":[195],"tags":[],"yoast_head":"<!-- This site is optimized with the Yoast SEO plugin v24.5 - https:\/\/yoast.com\/wordpress\/plugins\/seo\/ -->\n<title>El Xalet de Montju\u00efc, escenario de la campa\u00f1a de navidad de Adidas - Grup Travi<\/title>\n<meta name=\"robots\" content=\"index, follow, max-snippet:-1, max-image-preview:large, max-video-preview:-1\" \/>\n<link rel=\"canonical\" href=\"https:\/\/gruptravi.com\/es\/el-xalet-de-montjuic-escenario-de-la-campana-de-navidad-de-adidas\/\" \/>\n<meta property=\"og:locale\" content=\"es_ES\" \/>\n<meta property=\"og:type\" content=\"article\" \/>\n<meta property=\"og:title\" content=\"El Xalet de Montju\u00efc, escenario de la campa\u00f1a de navidad de Adidas - Grup Travi\" \/>\n<meta property=\"og:description\" content=\"La gran protagonista del evento, adem\u00e1s de los embajadores de la marca como Xavi Hern\u00e1ndez o Jordi Alba, fue el skyline de Barcelona.\" \/>\n<meta property=\"og:url\" content=\"https:\/\/gruptravi.com\/es\/el-xalet-de-montjuic-escenario-de-la-campana-de-navidad-de-adidas\/\" \/>\n<meta property=\"og:site_name\" content=\"Grup Travi\" \/>\n<meta property=\"article:published_time\" content=\"2014-12-29T09:00:17+00:00\" \/>\n<meta property=\"og:image\" content=\"https:\/\/gruptravi.com\/wp-content\/uploads\/2015\/11\/1.jpg\" \/>\n\t<meta property=\"og:image:width\" content=\"960\" \/>\n\t<meta property=\"og:image:height\" content=\"471\" \/>\n\t<meta property=\"og:image:type\" content=\"image\/jpeg\" \/>\n<meta name=\"twitter:card\" content=\"summary_large_image\" \/>\n<meta name=\"twitter:label1\" content=\"Escrito por\" \/>\n\t<meta name=\"twitter:data1\" content=\"\" \/>\n<script type=\"application\/ld+json\" class=\"yoast-schema-graph\">{\"@context\":\"https:\/\/schema.org\",\"@graph\":[{\"@type\":\"WebPage\",\"@id\":\"https:\/\/gruptravi.com\/es\/el-xalet-de-montjuic-escenario-de-la-campana-de-navidad-de-adidas\/\",\"url\":\"https:\/\/gruptravi.com\/es\/el-xalet-de-montjuic-escenario-de-la-campana-de-navidad-de-adidas\/\",\"name\":\"El Xalet de Montju\u00efc, escenario de la campa\u00f1a de navidad de Adidas - Grup Travi\",\"isPartOf\":{\"@id\":\"https:\/\/gruptravi.com\/ca\/#website\"},\"primaryImageOfPage\":{\"@id\":\"https:\/\/gruptravi.com\/es\/el-xalet-de-montjuic-escenario-de-la-campana-de-navidad-de-adidas\/#primaryimage\"},\"image\":{\"@id\":\"https:\/\/gruptravi.com\/es\/el-xalet-de-montjuic-escenario-de-la-campana-de-navidad-de-adidas\/#primaryimage\"},\"thumbnailUrl\":\"https:\/\/gruptravi.com\/wp-content\/uploads\/2015\/11\/1.jpg\",\"datePublished\":\"2014-12-29T09:00:17+00:00\",\"author\":{\"@id\":\"\"},\"breadcrumb\":{\"@id\":\"https:\/\/gruptravi.com\/es\/el-xalet-de-montjuic-escenario-de-la-campana-de-navidad-de-adidas\/#breadcrumb\"},\"inLanguage\":\"es\",\"potentialAction\":[{\"@type\":\"ReadAction\",\"target\":[\"https:\/\/gruptravi.com\/es\/el-xalet-de-montjuic-escenario-de-la-campana-de-navidad-de-adidas\/\"]}]},{\"@type\":\"ImageObject\",\"inLanguage\":\"es\",\"@id\":\"https:\/\/gruptravi.com\/es\/el-xalet-de-montjuic-escenario-de-la-campana-de-navidad-de-adidas\/#primaryimage\",\"url\":\"https:\/\/gruptravi.com\/wp-content\/uploads\/2015\/11\/1.jpg\",\"contentUrl\":\"https:\/\/gruptravi.com\/wp-content\/uploads\/2015\/11\/1.jpg\",\"width\":960,\"height\":471},{\"@type\":\"BreadcrumbList\",\"@id\":\"https:\/\/gruptravi.com\/es\/el-xalet-de-montjuic-escenario-de-la-campana-de-navidad-de-adidas\/#breadcrumb\",\"itemListElement\":[{\"@type\":\"ListItem\",\"position\":1,\"name\":\"Portada\",\"item\":\"https:\/\/gruptravi.com\/es\/\"},{\"@type\":\"ListItem\",\"position\":2,\"name\":\"El Xalet de Montju\u00efc, escenario de la campa\u00f1a de navidad de Adidas\"}]},{\"@type\":\"WebSite\",\"@id\":\"https:\/\/gruptravi.com\/ca\/#website\",\"url\":\"https:\/\/gruptravi.com\/ca\/\",\"name\":\"Grup Travi\",\"description\":\"\",\"potentialAction\":[{\"@type\":\"SearchAction\",\"target\":{\"@type\":\"EntryPoint\",\"urlTemplate\":\"https:\/\/gruptravi.com\/ca\/?s={search_term_string}\"},\"query-input\":{\"@type\":\"PropertyValueSpecification\",\"valueRequired\":true,\"valueName\":\"search_term_string\"}}],\"inLanguage\":\"es\"},{\"@type\":\"Person\",\"@id\":\"\",\"url\":\"https:\/\/gruptravi.com\/es\/author\/\"}]}<\/script>\n<!-- \/ Yoast SEO plugin. -->","yoast_head_json":{"title":"El Xalet de Montju\u00efc, escenario de la campa\u00f1a de navidad de Adidas - Grup Travi","robots":{"index":"index","follow":"follow","max-snippet":"max-snippet:-1","max-image-preview":"max-image-preview:large","max-video-preview":"max-video-preview:-1"},"canonical":"https:\/\/gruptravi.com\/es\/el-xalet-de-montjuic-escenario-de-la-campana-de-navidad-de-adidas\/","og_locale":"es_ES","og_type":"article","og_title":"El Xalet de Montju\u00efc, escenario de la campa\u00f1a de navidad de Adidas - Grup Travi","og_description":"La gran protagonista del evento, adem\u00e1s de los embajadores de la marca como Xavi Hern\u00e1ndez o Jordi Alba, fue el skyline de Barcelona.","og_url":"https:\/\/gruptravi.com\/es\/el-xalet-de-montjuic-escenario-de-la-campana-de-navidad-de-adidas\/","og_site_name":"Grup Travi","article_published_time":"2014-12-29T09:00:17+00:00","og_image":[{"width":960,"height":471,"url":"https:\/\/gruptravi.com\/wp-content\/uploads\/2015\/11\/1.jpg","type":"image\/jpeg"}],"twitter_card":"summary_large_image","twitter_misc":{"Escrito por":""},"schema":{"@context":"https:\/\/schema.org","@graph":[{"@type":"WebPage","@id":"https:\/\/gruptravi.com\/es\/el-xalet-de-montjuic-escenario-de-la-campana-de-navidad-de-adidas\/","url":"https:\/\/gruptravi.com\/es\/el-xalet-de-montjuic-escenario-de-la-campana-de-navidad-de-adidas\/","name":"El Xalet de Montju\u00efc, escenario de la campa\u00f1a de navidad de Adidas - Grup Travi","isPartOf":{"@id":"https:\/\/gruptravi.com\/ca\/#website"},"primaryImageOfPage":{"@id":"https:\/\/gruptravi.com\/es\/el-xalet-de-montjuic-escenario-de-la-campana-de-navidad-de-adidas\/#primaryimage"},"image":{"@id":"https:\/\/gruptravi.com\/es\/el-xalet-de-montjuic-escenario-de-la-campana-de-navidad-de-adidas\/#primaryimage"},"thumbnailUrl":"https:\/\/gruptravi.com\/wp-content\/uploads\/2015\/11\/1.jpg","datePublished":"2014-12-29T09:00:17+00:00","author":{"@id":""},"breadcrumb":{"@id":"https:\/\/gruptravi.com\/es\/el-xalet-de-montjuic-escenario-de-la-campana-de-navidad-de-adidas\/#breadcrumb"},"inLanguage":"es","potentialAction":[{"@type":"ReadAction","target":["https:\/\/gruptravi.com\/es\/el-xalet-de-montjuic-escenario-de-la-campana-de-navidad-de-adidas\/"]}]},{"@type":"ImageObject","inLanguage":"es","@id":"https:\/\/gruptravi.com\/es\/el-xalet-de-montjuic-escenario-de-la-campana-de-navidad-de-adidas\/#primaryimage","url":"https:\/\/gruptravi.com\/wp-content\/uploads\/2015\/11\/1.jpg","contentUrl":"https:\/\/gruptravi.com\/wp-content\/uploads\/2015\/11\/1.jpg","width":960,"height":471},{"@type":"BreadcrumbList","@id":"https:\/\/gruptravi.com\/es\/el-xalet-de-montjuic-escenario-de-la-campana-de-navidad-de-adidas\/#breadcrumb","itemListElement":[{"@type":"ListItem","position":1,"name":"Portada","item":"https:\/\/gruptravi.com\/es\/"},{"@type":"ListItem","position":2,"name":"El Xalet de Montju\u00efc, escenario de la campa\u00f1a de navidad de Adidas"}]},{"@type":"WebSite","@id":"https:\/\/gruptravi.com\/ca\/#website","url":"https:\/\/gruptravi.com\/ca\/","name":"Grup Travi","description":"","potentialAction":[{"@type":"SearchAction","target":{"@type":"EntryPoint","urlTemplate":"https:\/\/gruptravi.com\/ca\/?s={search_term_string}"},"query-input":{"@type":"PropertyValueSpecification","valueRequired":true,"valueName":"search_term_string"}}],"inLanguage":"es"},{"@type":"Person","@id":"","url":"https:\/\/gruptravi.com\/es\/author\/"}]}},"jetpack_featured_media_url":"https:\/\/gruptravi.com\/wp-content\/uploads\/2015\/11\/1.jpg","_links":{"self":[{"href":"https:\/\/gruptravi.com\/es\/wp-json\/wp\/v2\/posts\/13797"}],"collection":[{"href":"https:\/\/gruptravi.com\/es\/wp-json\/wp\/v2\/posts"}],"about":[{"href":"https:\/\/gruptravi.com\/es\/wp-json\/wp\/v2\/types\/post"}],"author":[{"embeddable":true,"href":"https:\/\/gruptravi.com\/es\/wp-json\/wp\/v2\/users\/1"}],"replies":[{"embeddable":true,"href":"https:\/\/gruptravi.com\/es\/wp-json\/wp\/v2\/comments?post=13797"}],"version-history":[{"count":0,"href":"https:\/\/gruptravi.com\/es\/wp-json\/wp\/v2\/posts\/13797\/revisions"}],"wp:featuredmedia":[{"embeddable":true,"href":"https:\/\/gruptravi.com\/es\/wp-json\/wp\/v2\/media\/13798"}],"wp:attachment":[{"href":"https:\/\/gruptravi.com\/es\/wp-json\/wp\/v2\/media?parent=13797"}],"wp:term":[{"taxonomy":"category","embeddable":true,"href":"https:\/\/gruptravi.com\/es\/wp-json\/wp\/v2\/categories?post=13797"},{"taxonomy":"post_tag","embeddable":true,"href":"https:\/\/gruptravi.com\/es\/wp-json\/wp\/v2\/tags?post=13797"}],"curies":[{"name":"wp","href":"https:\/\/api.w.org\/{rel}","templated":true}]}}